{"id":111,"date":"2015-06-15T14:03:01","date_gmt":"2015-06-15T13:03:01","guid":{"rendered":"\/?p=111"},"modified":"2020-12-16T11:50:22","modified_gmt":"2020-12-16T10:50:22","slug":"fringhalle-ete-2015","status":"publish","type":"post","link":"https:\/\/atelierdelache.com\/?p=111","title":{"rendered":"FRING\u2019HALLE \u00e9t\u00e9 2015"},"content":{"rendered":"<p><strong>AGRANDISSEMENT DU LOCAL PAR EMMA\u00dcS 63 PUY-GUILLAUME<\/strong><br \/>\n<strong>AM\u00c9NAGEMENT DES 400 M\u00b2 POUR LA VENTE ET L\u2019EXPOSITION<\/strong> des textiles r\u00e9employ\u00e9s<\/p>\n","protected":false},"excerpt":{"rendered":"<p>AGRANDISSEMENT DU LOCAL PAR EMMA\u00dcS 63 PUY-GUILLAUME AM\u00c9NAGEMENT DES 400 M\u00b2 POUR LA VENTE ET L\u2019EXPOSITION des textiles r\u00e9employ\u00e9s<\/p>\n","protected":false},"author":3,"featured_media":0,"comment_status":"open","ping_status":"open","sticky":false,"template":"","format":"standard","meta":[],"categories":[42,50],"tags":[],"_links":{"self":[{"href":"https:\/\/atelierdelache.com\/index.php?rest_route=\/wp\/v2\/posts\/111"}],"collection":[{"href":"https:\/\/atelierdelache.com\/index.php?rest_route=\/wp\/v2\/posts"}],"about":[{"href":"https:\/\/atelierdelache.com\/index.php?rest_route=\/wp\/v2\/types\/post"}],"author":[{"embeddable":true,"href":"https:\/\/atelierdelache.com\/index.php?rest_route=\/wp\/v2\/users\/3"}],"replies":[{"embeddable":true,"href":"https:\/\/atelierdelache.com\/index.php?rest_route=%2Fwp%2Fv2%2Fcomments&post=111"}],"version-history":[{"count":1,"href":"https:\/\/atelierdelache.com\/index.php?rest_route=\/wp\/v2\/posts\/111\/revisions"}],"predecessor-version":[{"id":112,"href":"https:\/\/atelierdelache.com\/index.php?rest_route=\/wp\/v2\/posts\/111\/revisions\/112"}],"wp:attachment":[{"href":"https:\/\/atelierdelache.com\/index.php?rest_route=%2Fwp%2Fv2%2Fmedia&parent=111"}],"wp:term":[{"taxonomy":"category","embeddable":true,"href":"https:\/\/atelierdelache.com\/index.php?rest_route=%2Fwp%2Fv2%2Fcategories&post=111"},{"taxonomy":"post_tag","embeddable":true,"href":"https:\/\/atelierdelache.com\/index.php?rest_route=%2Fwp%2Fv2%2Ftags&post=111"}],"curies":[{"name":"wp","href":"https:\/\/api.w.org\/{rel}","templated":true}]}}