{"id":155,"date":"2020-12-05T22:22:22","date_gmt":"2020-12-05T21:22:22","guid":{"rendered":"http:\/\/atelierdelache.com\/?p=155"},"modified":"2020-12-16T11:49:47","modified_gmt":"2020-12-16T10:49:47","slug":"presentation-video-atelier-de-lache-et-fringhalle","status":"publish","type":"post","link":"https:\/\/atelierdelache.com\/?p=155","title":{"rendered":"Pr\u00e9sentation Vid\u00e9o Atelier de l&rsquo;Ache et Fring&rsquo;Halle"},"content":{"rendered":"<p>En quelques minutes, une pr\u00e9sentation de l&rsquo;activit\u00e9 de tri textile de l&rsquo;association, de la boutique de vente et du volet insertion&#8230;<\/p>\n<p>&nbsp;<\/p>\n","protected":false},"excerpt":{"rendered":"<p>En quelques minutes, une pr\u00e9sentation de l&rsquo;activit\u00e9 de tri textile de l&rsquo;association, de la boutique de vente et du volet insertion&#8230; &nbsp;<\/p>\n","protected":false},"author":3,"featured_media":0,"comment_status":"open","ping_status":"open","sticky":false,"template":"","format":"standard","meta":[],"categories":[51,1],"tags":[25,18,39,32,20,36,19,22,27,30,31,38,26,33,24,28,29,34,23,21,41,40,35,37],"_links":{"self":[{"href":"https:\/\/atelierdelache.com\/index.php?rest_route=\/wp\/v2\/posts\/155"}],"collection":[{"href":"https:\/\/atelierdelache.com\/index.php?rest_route=\/wp\/v2\/posts"}],"about":[{"href":"https:\/\/atelierdelache.com\/index.php?rest_route=\/wp\/v2\/types\/post"}],"author":[{"embeddable":true,"href":"https:\/\/atelierdelache.com\/index.php?rest_route=\/wp\/v2\/users\/3"}],"replies":[{"embeddable":true,"href":"https:\/\/atelierdelache.com\/index.php?rest_route=%2Fwp%2Fv2%2Fcomments&post=155"}],"version-history":[{"count":3,"href":"https:\/\/atelierdelache.com\/index.php?rest_route=\/wp\/v2\/posts\/155\/revisions"}],"predecessor-version":[{"id":488,"href":"https:\/\/atelierdelache.com\/index.php?rest_route=\/wp\/v2\/posts\/155\/revisions\/488"}],"wp:attachment":[{"href":"https:\/\/atelierdelache.com\/index.php?rest_route=%2Fwp%2Fv2%2Fmedia&parent=155"}],"wp:term":[{"taxonomy":"category","embeddable":true,"href":"https:\/\/atelierdelache.com\/index.php?rest_route=%2Fwp%2Fv2%2Fcategories&post=155"},{"taxonomy":"post_tag","embeddable":true,"href":"https:\/\/atelierdelache.com\/index.php?rest_route=%2Fwp%2Fv2%2Ftags&post=155"}],"curies":[{"name":"wp","href":"https:\/\/api.w.org\/{rel}","templated":true}]}}