{"id":184,"date":"2020-12-05T10:06:31","date_gmt":"2020-12-05T09:06:31","guid":{"rendered":"http:\/\/atelierdelache.com\/?p=184"},"modified":"2020-12-16T11:49:12","modified_gmt":"2020-12-16T10:49:12","slug":"lactivite-de-latelier","status":"publish","type":"post","link":"https:\/\/atelierdelache.com\/?p=184","title":{"rendered":"L&rsquo;activit\u00e9 de l&rsquo;Atelier"},"content":{"rendered":"<p>\u00c0 partir des produits collect\u00e9s par les compagnons Emma\u00fcs et les associations amies, les \u00e9quipes de tri de l\u2019atelier effectuent un premier travail visant \u00e0 s\u00e9parer les produits textiles de ceux non valorisables par l\u2019atelier, et enfin tout \u00e9l\u00e9ment destin\u00e9 au recyclage.<\/p>\n<p>Un sch\u00e9ma pr\u00e9cis d\u2019organisation appuy\u00e9 sur des m\u00e9thodes de travail rigoureuses permet aux salari\u00e9s de l\u2019atelier de traiter tous les produits valorisables.<\/p>\n<p><strong><u>Qui prend en charge quoi\u00a0?<\/u><\/strong><\/p>\n<p>Dans l\u2019atelier\u00a0:<\/p>\n<p>Sous la responsabilit\u00e9 de l\u2019encadrant technique, dix \u00e0 onze personnes, \u00e0 raison de 26h de travail par semaine, se r\u00e9partissent ainsi\u00a0:<\/p>\n<ul>\n<li>six \u00e0 sept personnes sont affect\u00e9es au tri\u00a0: il s\u2019agit de distinguer les articles par saison, par genre (homme femme enfant), en y associant diff\u00e9rents crit\u00e8res (propret\u00e9, usure, marque).<br \/>\nLes articles n\u2019entrant pas dans le champ de comp\u00e9tences de l\u2019Atelier de l\u2019Ache sont renvoy\u00e9s vers Emma\u00fcs et trait\u00e9s par leurs diff\u00e9rentes fili\u00e8res, respectant ainsi les crit\u00e8res environnementaux de non enfouissement des d\u00e9chets.<\/li>\n<li>Les manutentionnaires prennent en charge les flux d\u2019approvisionnement des postes de travail et assurent l\u2019enl\u00e8vement des marchandises tri\u00e9es, qui seront conditionn\u00e9es et tenues \u00e0 disposition du client final.<\/li>\n<li>Le magasinier a pour r\u00f4le de pr\u00e9parer, \u00e0 partir des meilleurs produits rep\u00e9r\u00e9s lors du tri, ce qui va \u00eatre commercialis\u00e9 dans la boutique Fring\u2019Halle. Les articles sont \u00e9tiquet\u00e9s, install\u00e9s sur cintres, et sur portants. Il achemine les articles dans la boutique en fonction des commandes et des besoins de r\u00e9assort du magasin Fring\u2019Halle.<\/li>\n<\/ul>\n<p>Dans le <u>magasin<\/u>\u00a0:<\/p>\n<p>La personne en charge du magasin a la responsabilit\u00e9 d\u2019organiser le lieu de vente, l\u2019activit\u00e9 premi\u00e8re \u00e9tant bien entendu d\u2019accueillir et d\u2019\u00eatre \u00e0 l\u2019\u00e9coute des clients. Elle pr\u00e9sente, dans les rayons, les produits par nature (maroquinerie, v\u00eatements, linge de maison, chaussures, accessoires, mercerie\u2026)\u00a0; elle assure la gestion de la caisse, l\u2019animation du magasin (promotions, f\u00eates carillonn\u00e9es, divers \u00e9v\u00e8nements), le retour des invendus aupr\u00e8s de l\u2019atelier.<\/p>\n<p>Tour \u00e0 tour, et sous l\u2019encadrement de la responsable, une \u00e0 deux personnes de l\u2019atelier se forment \u00e0 la vente en assurant cette fonction dans la boutique.<\/p>\n<p>Dans l\u2019organisation g\u00e9n\u00e9rale\u00a0:<\/p>\n<p>Le directeur de l\u2019Atelier de l\u2019Ache est le responsable d\u2019Emma\u00fcs. L\u2019\u00e9quipe est, en outre, compos\u00e9e d\u2019un encadrant technique d\u2019insertion, d\u2019une responsable de magasin, d&rsquo;un magasinier pr\u00e9parateur de commande et d\u2019une assistante administrative.<\/p>\n<p><strong><u>Pour qui\u00a0?<\/u><\/strong><\/p>\n<p>Le travail r\u00e9alis\u00e9 par les \u00e9quipes est destin\u00e9 \u00e0\u00a0:<\/p>\n<ul>\n<li>des grossistes et semi-grossistes \u00e0 l\u2019export,<\/li>\n<li>des essuyeurs industriels,<\/li>\n<li>des fripiers et d\u00e9taillants locaux<\/li>\n<li>la boutique Fring\u2019Halle.<\/li>\n<\/ul>\n<p>Dans un l\u00e9gitime souci de solidarit\u00e9, la structure fournit peut aussi fournir des associations locales en tissus, mercerie et autres articles, facilitant ainsi leurs activit\u00e9s\u00a0: l\u2019atelier \u00ab\u00a0Le Fil du Temps\u00a0\u00bb \u00e0 Thiers qui confectionne pour la boutique \u00c9tat d\u2019Esprit, \u00ab\u00a0Forum pour le renouveau\u00a0\u00bb \u00e0 Lezoux, l\u2019atelier d\u2019artistes \u00ab\u00a0Mano la Fabrique\u00a0\u00bb \u00e0 Clermont-Ferrand\u2026<\/p>\n","protected":false},"excerpt":{"rendered":"<p>\u00c0 partir des produits collect\u00e9s par les compagnons Emma\u00fcs et les associations amies, les \u00e9quipes de tri de l\u2019atelier effectuent un premier travail visant \u00e0 s\u00e9parer les produits textiles de ceux non valorisables par l\u2019atelier, et enfin tout \u00e9l\u00e9ment destin\u00e9 au recyclage. Un sch\u00e9ma pr\u00e9cis d\u2019organisation appuy\u00e9 sur des m\u00e9thodes de travail rigoureuses permet aux [&hellip;]<\/p>\n","protected":false},"author":3,"featured_media":0,"comment_status":"open","ping_status":"open","sticky":false,"template":"","format":"standard","meta":[],"categories":[51,1],"tags":[25,18,39,32,20,36,19,22,27,30,31,38,26,33,24,28,29,34,23,21,41,40,35,37],"_links":{"self":[{"href":"https:\/\/atelierdelache.com\/index.php?rest_route=\/wp\/v2\/posts\/184"}],"collection":[{"href":"https:\/\/atelierdelache.com\/index.php?rest_route=\/wp\/v2\/posts"}],"about":[{"href":"https:\/\/atelierdelache.com\/index.php?rest_route=\/wp\/v2\/types\/post"}],"author":[{"embeddable":true,"href":"https:\/\/atelierdelache.com\/index.php?rest_route=\/wp\/v2\/users\/3"}],"replies":[{"embeddable":true,"href":"https:\/\/atelierdelache.com\/index.php?rest_route=%2Fwp%2Fv2%2Fcomments&post=184"}],"version-history":[{"count":5,"href":"https:\/\/atelierdelache.com\/index.php?rest_route=\/wp\/v2\/posts\/184\/revisions"}],"predecessor-version":[{"id":232,"href":"https:\/\/atelierdelache.com\/index.php?rest_route=\/wp\/v2\/posts\/184\/revisions\/232"}],"wp:attachment":[{"href":"https:\/\/atelierdelache.com\/index.php?rest_route=%2Fwp%2Fv2%2Fmedia&parent=184"}],"wp:term":[{"taxonomy":"category","embeddable":true,"href":"https:\/\/atelierdelache.com\/index.php?rest_route=%2Fwp%2Fv2%2Fcategories&post=184"},{"taxonomy":"post_tag","embeddable":true,"href":"https:\/\/atelierdelache.com\/index.php?rest_route=%2Fwp%2Fv2%2Ftags&post=184"}],"curies":[{"name":"wp","href":"https:\/\/api.w.org\/{rel}","templated":true}]}}