{"id":237,"date":"2017-03-01T13:53:56","date_gmt":"2017-03-01T12:53:56","guid":{"rendered":"http:\/\/atelierdelache.com\/?p=237"},"modified":"2020-12-16T11:45:57","modified_gmt":"2020-12-16T10:45:57","slug":"fringhalle-et-les-grandes-ventes","status":"publish","type":"post","link":"https:\/\/atelierdelache.com\/?p=237","title":{"rendered":"FRING&rsquo;HALLE et les Grandes Ventes"},"content":{"rendered":"<p>FRING\u2019HALLE accueille le public toute l&rsquo;ann\u00e9e sauf jours f\u00e9ri\u00e9s sur le site de l\u2019atelier, <strong>du mercredi au samedi de 14h30 \u00e0 17h30.<\/strong><\/p>\n<p>Initialement sur 100m\u00b2, elle a \u00e9t\u00e9 agrandie \u00e0 l\u2019\u00e9t\u00e9 2015 et propose d\u00e9sormais sur 400m\u00b2 ses articles de qualit\u00e9 rang\u00e9s sur cintres et par taille\u00a0: le meilleur choix en habillement, chaussures et accessoires pour toute la famille, linge de maison, sacs, mercerie etc&#8230;<\/p>\n<p><a href=\"http:\/\/atelierdelache.com\/wp-content\/uploads\/2017\/03\/flyer-septembre-2016-verso.jpg\"><img loading=\"lazy\" class=\"aligncenter size-medium wp-image-217\" src=\"http:\/\/atelierdelache.com\/wp-content\/uploads\/2017\/03\/flyer-septembre-2016-verso-300x213.jpg\" alt=\"flyer septembre 2016 verso\" width=\"300\" height=\"213\" srcset=\"https:\/\/atelierdelache.com\/wp-content\/uploads\/2017\/03\/flyer-septembre-2016-verso-300x213.jpg 300w, https:\/\/atelierdelache.com\/wp-content\/uploads\/2017\/03\/flyer-septembre-2016-verso-1024x725.jpg 1024w, https:\/\/atelierdelache.com\/wp-content\/uploads\/2017\/03\/flyer-septembre-2016-verso-500x354.jpg 500w\" sizes=\"(max-width: 300px) 100vw, 300px\" \/><\/a>L\u2019Atelier de l\u2019Ache organise chaque ann\u00e9e des grandes ventes aux m\u00eames dates qu\u2019Emma\u00fcs, en avril, ao\u00fbt et d\u00e9cembre. L&rsquo;\u00e9quipe vous accueille alors avec un maximum de choix au hangar, sp\u00e9cialement am\u00e9nag\u00e9 en magasin pour l&rsquo;occasion, en plus de la boutique FRING&rsquo;HALLE. Ne ratez pas ces Grandes Ventes !<\/p>\n\n\n<p style=\"background-color:#87a300\" class=\"has-background has-text-align-center has-medium-font-size\">PROCHAINE GRANDE VENTE le samedi 18 avril 2020<br>de 9h \u00e0 12h et de 14h30 \u00e0 18h.<\/p>\n","protected":false},"excerpt":{"rendered":"<p>FRING\u2019HALLE accueille le public toute l&rsquo;ann\u00e9e sauf jours f\u00e9ri\u00e9s sur le site de l\u2019atelier, du mercredi au samedi de 14h30 \u00e0 17h30. Initialement sur 100m\u00b2, elle a \u00e9t\u00e9 agrandie \u00e0 l\u2019\u00e9t\u00e9 2015 et propose d\u00e9sormais sur 400m\u00b2 ses articles de qualit\u00e9 rang\u00e9s sur cintres et par taille\u00a0: le meilleur choix en habillement, chaussures et accessoires [&hellip;]<\/p>\n","protected":false},"author":3,"featured_media":0,"comment_status":"open","ping_status":"open","sticky":false,"template":"","format":"standard","meta":[],"categories":[42,15,50],"tags":[],"_links":{"self":[{"href":"https:\/\/atelierdelache.com\/index.php?rest_route=\/wp\/v2\/posts\/237"}],"collection":[{"href":"https:\/\/atelierdelache.com\/index.php?rest_route=\/wp\/v2\/posts"}],"about":[{"href":"https:\/\/atelierdelache.com\/index.php?rest_route=\/wp\/v2\/types\/post"}],"author":[{"embeddable":true,"href":"https:\/\/atelierdelache.com\/index.php?rest_route=\/wp\/v2\/users\/3"}],"replies":[{"embeddable":true,"href":"https:\/\/atelierdelache.com\/index.php?rest_route=%2Fwp%2Fv2%2Fcomments&post=237"}],"version-history":[{"count":3,"href":"https:\/\/atelierdelache.com\/index.php?rest_route=\/wp\/v2\/posts\/237\/revisions"}],"predecessor-version":[{"id":416,"href":"https:\/\/atelierdelache.com\/index.php?rest_route=\/wp\/v2\/posts\/237\/revisions\/416"}],"wp:attachment":[{"href":"https:\/\/atelierdelache.com\/index.php?rest_route=%2Fwp%2Fv2%2Fmedia&parent=237"}],"wp:term":[{"taxonomy":"category","embeddable":true,"href":"https:\/\/atelierdelache.com\/index.php?rest_route=%2Fwp%2Fv2%2Fcategories&post=237"},{"taxonomy":"post_tag","embeddable":true,"href":"https:\/\/atelierdelache.com\/index.php?rest_route=%2Fwp%2Fv2%2Ftags&post=237"}],"curies":[{"name":"wp","href":"https:\/\/api.w.org\/{rel}","templated":true}]}}