{"id":311,"date":"2019-03-27T10:54:22","date_gmt":"2019-03-27T09:54:22","guid":{"rendered":"http:\/\/atelierdelache.com\/?p=311"},"modified":"2020-12-16T11:37:40","modified_gmt":"2020-12-16T10:37:40","slug":"defile-de-mode-et-concerts-pour-les-40-ans-d-emmaus-puy-guillaume","status":"publish","type":"post","link":"https:\/\/atelierdelache.com\/?p=311","title":{"rendered":"D\u00c9FIL\u00c9 DE MODE et CONCERTS pour les 40 ans d&rsquo; EMMA\u00dcS PUY-GUILLAUME"},"content":{"rendered":"<p><a href=\"http:\/\/atelierdelache.com\/wp-content\/uploads\/2019\/03\/Affiche_A1_A3_40ans.jpg\"><img loading=\"lazy\" class=\"aligncenter size-medium wp-image-282\" src=\"http:\/\/atelierdelache.com\/wp-content\/uploads\/2019\/03\/Affiche_A1_A3_40ans-213x300.jpg\" alt=\"Affiche_A1_A3_40ans\" width=\"213\" height=\"300\" srcset=\"https:\/\/atelierdelache.com\/wp-content\/uploads\/2019\/03\/Affiche_A1_A3_40ans-213x300.jpg 213w, https:\/\/atelierdelache.com\/wp-content\/uploads\/2019\/03\/Affiche_A1_A3_40ans-727x1024.jpg 727w, https:\/\/atelierdelache.com\/wp-content\/uploads\/2019\/03\/Affiche_A1_A3_40ans-500x704.jpg 500w\" sizes=\"(max-width: 213px) 100vw, 213px\" \/><\/a><span style=\"color: #000000;\"><strong>L<\/strong><strong>\u2019<\/strong><strong>Atelier de l<\/strong><strong>\u2019<\/strong><strong>Ache participe aux 40 ans d<\/strong><strong>\u2019<\/strong><strong>Emma<\/strong><strong>\u00fc<\/strong><\/span><strong><span style=\"color: #000000;\">s 63<\/span> sans qui nous n<\/strong><strong>\u2019<\/strong><strong>existerions pas. Nous transformons pour l&rsquo;occasion le hangar en <span style=\"color: #000000;\">salle de concert pour un grand moment festif ouvert <\/span><\/strong><span style=\"color: #000000;\"><strong>\u00e0<\/strong><\/span><strong><span style=\"color: #000000;\"> tous et gratuit<\/span>. Parking, resto et buvette sur place.<br \/>\n<\/strong><\/p>\n<p><strong>Nous organisons un <span style=\"color: #000000;\">D\u00c9FIL\u00c9 DE MODE<\/span><\/strong><strong> avec notre <\/strong><strong>\u00e9<\/strong><strong>quipe et les compagnons, et accueillons deux groupes <span style=\"color: #000000;\">LA GRANJA ORCHESTRA<\/span> et <span style=\"color: #000000;\">POURQUOI PAS NOUS<\/span> qui se produiront sp\u00e9cialement.<\/strong><\/p>\n<p><strong><span style=\"color: #0000ff;\">Emma\u00fcs 63 anime 2 journ\u00e9es sur les sites de Puy-Guillaume et Aubi\u00e8re.<br \/>\nVisitez <a href=\"https:\/\/www.emmaus-puyguillaume-aubiere.com\/#xl_xr_page_index\" target=\"_blank\" rel=\"noopener\">leur nouveau site web<\/a> et retrouvez les d\u00e9tails complets sur le programme :<\/span><br \/>\n<\/strong><\/p>\n<p><a href=\"http:\/\/atelierdelache.com\/wp-content\/uploads\/2019\/03\/prg-40-ans.jpg\"><img loading=\"lazy\" class=\"aligncenter size-medium wp-image-314\" src=\"http:\/\/atelierdelache.com\/wp-content\/uploads\/2019\/03\/prg-40-ans-300x215.jpg\" alt=\"prg 40 ans\" width=\"300\" height=\"215\" srcset=\"https:\/\/atelierdelache.com\/wp-content\/uploads\/2019\/03\/prg-40-ans-300x215.jpg 300w, https:\/\/atelierdelache.com\/wp-content\/uploads\/2019\/03\/prg-40-ans-1024x733.jpg 1024w, https:\/\/atelierdelache.com\/wp-content\/uploads\/2019\/03\/prg-40-ans-500x358.jpg 500w, https:\/\/atelierdelache.com\/wp-content\/uploads\/2019\/03\/prg-40-ans.jpg 1209w\" sizes=\"(max-width: 300px) 100vw, 300px\" \/><\/a>\u00c0 lire aussi : <a href=\"https:\/\/www.lamontagne.fr\/puy-guillaume-63290\/actualites\/quarante-ans-de-souvenirs-a-l-occasion-de-l-anniversaire-d-emmaus-puy-guillaume_13524237\/?fbclid=IwAR0l3bkQfzLVzoujHTQqSgxt2ZQzuO9LwRWtPEZaRtWTeWSC91SKwsx8Awg\" target=\"_blank\" rel=\"noopener\">une belle retrospective des 40 ans sur La Montagne.<\/a><\/p>\n","protected":false},"excerpt":{"rendered":"<p>L\u2019Atelier de l\u2019Ache participe aux 40 ans d\u2019Emma\u00fcs 63 sans qui nous n\u2019existerions pas. Nous transformons pour l&rsquo;occasion le hangar en salle de concert pour un grand moment festif ouvert \u00e0 tous et gratuit. Parking, resto et buvette sur place. Nous organisons un D\u00c9FIL\u00c9 DE MODE avec notre \u00e9quipe et les compagnons, et accueillons deux [&hellip;]<\/p>\n","protected":false},"author":3,"featured_media":0,"comment_status":"open","ping_status":"open","sticky":false,"template":"","format":"standard","meta":[],"categories":[15],"tags":[],"_links":{"self":[{"href":"https:\/\/atelierdelache.com\/index.php?rest_route=\/wp\/v2\/posts\/311"}],"collection":[{"href":"https:\/\/atelierdelache.com\/index.php?rest_route=\/wp\/v2\/posts"}],"about":[{"href":"https:\/\/atelierdelache.com\/index.php?rest_route=\/wp\/v2\/types\/post"}],"author":[{"embeddable":true,"href":"https:\/\/atelierdelache.com\/index.php?rest_route=\/wp\/v2\/users\/3"}],"replies":[{"embeddable":true,"href":"https:\/\/atelierdelache.com\/index.php?rest_route=%2Fwp%2Fv2%2Fcomments&post=311"}],"version-history":[{"count":8,"href":"https:\/\/atelierdelache.com\/index.php?rest_route=\/wp\/v2\/posts\/311\/revisions"}],"predecessor-version":[{"id":484,"href":"https:\/\/atelierdelache.com\/index.php?rest_route=\/wp\/v2\/posts\/311\/revisions\/484"}],"wp:attachment":[{"href":"https:\/\/atelierdelache.com\/index.php?rest_route=%2Fwp%2Fv2%2Fmedia&parent=311"}],"wp:term":[{"taxonomy":"category","embeddable":true,"href":"https:\/\/atelierdelache.com\/index.php?rest_route=%2Fwp%2Fv2%2Fcategories&post=311"},{"taxonomy":"post_tag","embeddable":true,"href":"https:\/\/atelierdelache.com\/index.php?rest_route=%2Fwp%2Fv2%2Ftags&post=311"}],"curies":[{"name":"wp","href":"https:\/\/api.w.org\/{rel}","templated":true}]}}