{"id":325,"date":"2019-03-27T13:51:10","date_gmt":"2019-03-27T12:51:10","guid":{"rendered":"http:\/\/atelierdelache.com\/?p=325"},"modified":"2020-12-16T11:38:34","modified_gmt":"2020-12-16T10:38:34","slug":"braderie-de-printemps-2019","status":"publish","type":"post","link":"https:\/\/atelierdelache.com\/?p=325","title":{"rendered":"BRADERIE DE PRINTEMPS 2019"},"content":{"rendered":"<p style=\"text-align: center;\">Apr\u00e8s les 40 ans de la communaut\u00e9 les 5 et 6 avril 2019, un autre \u00e9v\u00e8nement tr\u00e8s attendu\u00a0:<\/p>\n<p style=\"text-align: center;\"><strong><span style=\"color: #000080;\">LA GRANDE VENTE DE PRINTEMPS<br \/>\nSamedi 13 avril de 10h \u00e0 12h30 et de 14h30 \u00e0 18h<br \/>\n<\/span><\/strong><\/p>\n<p style=\"text-align: justify;\">Moment fort que nous partageons comme chaque ann\u00e9e pour vous faire profiter d\u2019une surface de vente agrandie sp\u00e9cialement.<\/p>\n<p style=\"text-align: justify;\">Du c\u00f4t\u00e9 Emma\u00fcs vous retrouverez traditionnellement\u00a0les livres, l\u2019\u00e9lectro, la brocante, les meubles, la vaisselle, la fripe, la grande cour, etc.<\/p>\n<p style=\"text-align: justify;\">Tandis que nous vous accueillons \u00e0 l\u2019Atelier de l\u2019Ache pour une ouverture de la boutique Fring\u2019Halle et du hangar, avec des milliers d\u2019articles textiles de qualit\u00e9 rang\u00e9s sur cintres, par cat\u00e9gorie et par taille.<\/p>\n<p style=\"text-align: justify;\"><a href=\"http:\/\/atelierdelache.com\/wp-content\/uploads\/2019\/03\/FH-braderie-de-Printemps-2019.jpg\"><img loading=\"lazy\" class=\"aligncenter size-medium wp-image-327\" src=\"http:\/\/atelierdelache.com\/wp-content\/uploads\/2019\/03\/FH-braderie-de-Printemps-2019-300x214.jpg\" alt=\"FH braderie de Printemps 2019\" width=\"300\" height=\"214\" srcset=\"https:\/\/atelierdelache.com\/wp-content\/uploads\/2019\/03\/FH-braderie-de-Printemps-2019-300x214.jpg 300w, https:\/\/atelierdelache.com\/wp-content\/uploads\/2019\/03\/FH-braderie-de-Printemps-2019-1024x732.jpg 1024w, https:\/\/atelierdelache.com\/wp-content\/uploads\/2019\/03\/FH-braderie-de-Printemps-2019-500x357.jpg 500w, https:\/\/atelierdelache.com\/wp-content\/uploads\/2019\/03\/FH-braderie-de-Printemps-2019.jpg 1431w\" sizes=\"(max-width: 300px) 100vw, 300px\" \/><\/a><\/p>\n","protected":false},"excerpt":{"rendered":"<p>Apr\u00e8s les 40 ans de la communaut\u00e9 les 5 et 6 avril 2019, un autre \u00e9v\u00e8nement tr\u00e8s attendu\u00a0: LA GRANDE VENTE DE PRINTEMPS Samedi 13 avril de 10h \u00e0 12h30 et de 14h30 \u00e0 18h Moment fort que nous partageons comme chaque ann\u00e9e pour vous faire profiter d\u2019une surface de vente agrandie sp\u00e9cialement. Du c\u00f4t\u00e9 [&hellip;]<\/p>\n","protected":false},"author":3,"featured_media":327,"comment_status":"open","ping_status":"open","sticky":false,"template":"","format":"standard","meta":[],"categories":[15],"tags":[],"_links":{"self":[{"href":"https:\/\/atelierdelache.com\/index.php?rest_route=\/wp\/v2\/posts\/325"}],"collection":[{"href":"https:\/\/atelierdelache.com\/index.php?rest_route=\/wp\/v2\/posts"}],"about":[{"href":"https:\/\/atelierdelache.com\/index.php?rest_route=\/wp\/v2\/types\/post"}],"author":[{"embeddable":true,"href":"https:\/\/atelierdelache.com\/index.php?rest_route=\/wp\/v2\/users\/3"}],"replies":[{"embeddable":true,"href":"https:\/\/atelierdelache.com\/index.php?rest_route=%2Fwp%2Fv2%2Fcomments&post=325"}],"version-history":[{"count":3,"href":"https:\/\/atelierdelache.com\/index.php?rest_route=\/wp\/v2\/posts\/325\/revisions"}],"predecessor-version":[{"id":329,"href":"https:\/\/atelierdelache.com\/index.php?rest_route=\/wp\/v2\/posts\/325\/revisions\/329"}],"wp:featuredmedia":[{"embeddable":true,"href":"https:\/\/atelierdelache.com\/index.php?rest_route=\/wp\/v2\/media\/327"}],"wp:attachment":[{"href":"https:\/\/atelierdelache.com\/index.php?rest_route=%2Fwp%2Fv2%2Fmedia&parent=325"}],"wp:term":[{"taxonomy":"category","embeddable":true,"href":"https:\/\/atelierdelache.com\/index.php?rest_route=%2Fwp%2Fv2%2Fcategories&post=325"},{"taxonomy":"post_tag","embeddable":true,"href":"https:\/\/atelierdelache.com\/index.php?rest_route=%2Fwp%2Fv2%2Ftags&post=325"}],"curies":[{"name":"wp","href":"https:\/\/api.w.org\/{rel}","templated":true}]}}