{"id":374,"date":"2020-03-03T13:54:32","date_gmt":"2020-03-03T12:54:32","guid":{"rendered":"http:\/\/atelierdelache.com\/?p=374"},"modified":"2020-12-16T11:48:28","modified_gmt":"2020-12-16T10:48:28","slug":"essai","status":"publish","type":"post","link":"https:\/\/atelierdelache.com\/?p=374","title":{"rendered":"Qui sommes nous"},"content":{"rendered":"<p>L\u2019association (loi 1901) <strong>L\u2019ATELIER DE L\u2019ACHE<\/strong>, entit\u00e9 ind\u00e9pendante fond\u00e9e par<a href=\"https:\/\/www.emmaus-puyguillaume-aubiere.com\/#xl_xr_page_index\" target=\"_blank\" rel=\"noopener\"> la communaut\u00e9 Emma\u00fcs de Puy-Guillaume <\/a>en 2012, concr\u00e9tise une d\u00e9marche environnementale en contribuant au r<span style=\"color: #000000;\">ecyclage et au r\u00e9emploi des textiles usag\u00e9s<\/span>, et a comme activit\u00e9 principale une <span style=\"color: #000000;\">finalit\u00e9 sociale et solidaire<\/span>, \u00e0 savoir un <span style=\"color: #000000;\">Atelier Chantier d\u2019Insertion (ACI)<\/span>, qui cr\u00e9\u00e9 localement de l\u2019emploi et du pouvoir d\u2019achat.<\/p>\n<p>L\u2019atelier est agr\u00e9\u00e9 et financ\u00e9 par l\u2019\u00c9tat, la R\u00e9gion et le D\u00e9partement pour aider le retour ou l\u2019acc\u00e8s \u00e0 l\u2019emploi de personnes qui s\u2019en trouvent \u00e9loign\u00e9es pour diverses raisons\u00a0: probl\u00e9matiques de mobilit\u00e9, sant\u00e9, budget, vie familiale, logement, niveau de formation\u2026<\/p>\n<p><span style=\"color: #000000;\">Depuis 2013, l\u2019atelier a accueilli plus de 50 personnes, dont la moiti\u00e9 venant de Puy-Guillaume et il accueille sur 2019 une moyenne de 15 personnes sur l&rsquo;ann\u00e9e.<\/span><\/p>\n<p>L&rsquo;atelier est approvisionn\u00e9 par une partie de la collecte des conteneurs bleus \u00ab\u00a0Emma\u00fcs 63\u00a0\u00bb, install\u00e9s depuis 2011 dans le Puy-de-D\u00f4me et le Sud-Allier. Dans un partenariat de r\u00e9ciprocit\u00e9, la collecte est aussi abond\u00e9e par les surplus des associations amies : Mains Ouvertes, Secours Catholique, Secours Populaire, Croix Rouge\u2026<\/p>\n<p><span style=\"color: #000000;\">Deux encadrants techniques ont en charge d&rsquo;une part, le volet production \u00e0 l\u2019atelier de tri o\u00f9 l&rsquo;\u00e9quipe traite le textile livr\u00e9, et d&rsquo;autre part la vente dans la boutique FRING&rsquo;HALLE du meilleur des articles s\u00e9lectionn\u00e9s : <em>v\u00eatements, chaussures, maroquinerie, linge de maison, accessoires, mercerie, bijoux&#8230;<\/em><\/span><\/p>\n<p><a href=\"http:\/\/atelierdelache.com\/wp-content\/uploads\/2019\/07\/atelier-operateur.jpg\"><img loading=\"lazy\" class=\"aligncenter size-medium wp-image-363\" src=\"http:\/\/atelierdelache.com\/wp-content\/uploads\/2019\/07\/atelier-operateur-300x196.jpg\" alt=\"atelier operateur\" width=\"300\" height=\"196\" srcset=\"https:\/\/atelierdelache.com\/wp-content\/uploads\/2019\/07\/atelier-operateur-300x196.jpg 300w, https:\/\/atelierdelache.com\/wp-content\/uploads\/2019\/07\/atelier-operateur-500x327.jpg 500w, https:\/\/atelierdelache.com\/wp-content\/uploads\/2019\/07\/atelier-operateur.jpg 928w\" sizes=\"(max-width: 300px) 100vw, 300px\" \/><\/a>La boutique FRING\u2019HALLE, ouverte \u00e0 tous, permet d\u2019acqu\u00e9rir \u00e0 des tarifs tr\u00e8s avantageux le meilleur des articles tri\u00e9s. Par ailleurs, des articles sont \u00e9galement mis \u00e0 disposition pour des associations qui en font la demande et d\u2019autres sont vendus \u00e0 des d\u00e9taillants ou revendeurs.<\/p>\n<p><a href=\"http:\/\/atelierdelache.com\/wp-content\/uploads\/2019\/07\/flyer-noir-2019-pix3.jpg\"><img loading=\"lazy\" class=\"aligncenter size-medium wp-image-347\" src=\"http:\/\/atelierdelache.com\/wp-content\/uploads\/2019\/07\/flyer-noir-2019-pix3-300x212.jpg\" alt=\"flyer noir 2019 pix3\" width=\"300\" height=\"212\" srcset=\"https:\/\/atelierdelache.com\/wp-content\/uploads\/2019\/07\/flyer-noir-2019-pix3-300x212.jpg 300w, https:\/\/atelierdelache.com\/wp-content\/uploads\/2019\/07\/flyer-noir-2019-pix3-500x354.jpg 500w, https:\/\/atelierdelache.com\/wp-content\/uploads\/2019\/07\/flyer-noir-2019-pix3.jpg 900w\" sizes=\"(max-width: 300px) 100vw, 300px\" \/><\/a><\/p>\n<p>&nbsp;<\/p>\n<p>&nbsp;<\/p>\n","protected":false},"excerpt":{"rendered":"<p>L\u2019association (loi 1901) L\u2019ATELIER DE L\u2019ACHE, entit\u00e9 ind\u00e9pendante fond\u00e9e par la communaut\u00e9 Emma\u00fcs de Puy-Guillaume en 2012, concr\u00e9tise une d\u00e9marche environnementale en contribuant au recyclage et au r\u00e9emploi des textiles usag\u00e9s, et a comme activit\u00e9 principale une finalit\u00e9 sociale et solidaire, \u00e0 savoir un Atelier Chantier d\u2019Insertion (ACI), qui cr\u00e9\u00e9 localement de l\u2019emploi et du [&hellip;]<\/p>\n","protected":false},"author":3,"featured_media":348,"comment_status":"open","ping_status":"open","sticky":false,"template":"","format":"standard","meta":[],"categories":[42,51],"tags":[],"_links":{"self":[{"href":"https:\/\/atelierdelache.com\/index.php?rest_route=\/wp\/v2\/posts\/374"}],"collection":[{"href":"https:\/\/atelierdelache.com\/index.php?rest_route=\/wp\/v2\/posts"}],"about":[{"href":"https:\/\/atelierdelache.com\/index.php?rest_route=\/wp\/v2\/types\/post"}],"author":[{"embeddable":true,"href":"https:\/\/atelierdelache.com\/index.php?rest_route=\/wp\/v2\/users\/3"}],"replies":[{"embeddable":true,"href":"https:\/\/atelierdelache.com\/index.php?rest_route=%2Fwp%2Fv2%2Fcomments&post=374"}],"version-history":[{"count":4,"href":"https:\/\/atelierdelache.com\/index.php?rest_route=\/wp\/v2\/posts\/374\/revisions"}],"predecessor-version":[{"id":483,"href":"https:\/\/atelierdelache.com\/index.php?rest_route=\/wp\/v2\/posts\/374\/revisions\/483"}],"wp:featuredmedia":[{"embeddable":true,"href":"https:\/\/atelierdelache.com\/index.php?rest_route=\/wp\/v2\/media\/348"}],"wp:attachment":[{"href":"https:\/\/atelierdelache.com\/index.php?rest_route=%2Fwp%2Fv2%2Fmedia&parent=374"}],"wp:term":[{"taxonomy":"category","embeddable":true,"href":"https:\/\/atelierdelache.com\/index.php?rest_route=%2Fwp%2Fv2%2Fcategories&post=374"},{"taxonomy":"post_tag","embeddable":true,"href":"https:\/\/atelierdelache.com\/index.php?rest_route=%2Fwp%2Fv2%2Ftags&post=374"}],"curies":[{"name":"wp","href":"https:\/\/api.w.org\/{rel}","templated":true}]}}