{"id":444,"date":"2020-06-10T10:38:19","date_gmt":"2020-06-10T09:38:19","guid":{"rendered":"http:\/\/atelierdelache.com\/?p=444"},"modified":"2020-12-16T11:44:50","modified_gmt":"2020-12-16T10:44:50","slug":"coronavirus-reprise-dactivite-et-reouverture-de-la-boutique-fringhalle","status":"publish","type":"post","link":"https:\/\/atelierdelache.com\/?p=444","title":{"rendered":"CORONAVIRUS &#8211; Reprise d&rsquo;activit\u00e9 et r\u00e9ouverture de la boutique FRING&rsquo;HALLE"},"content":{"rendered":"\n<p>Chers clients,<\/p>\n\n\n\n<p>Nous avons le plaisir de vous\naccueillir \u00e0 nouveau depuis le 13 mai 2020 dans une configuration adapt\u00e9e aux\nr\u00e8gles de pr\u00e9cautions sanitaires. Merci de bien vouloir respecter\nimp\u00e9rativement les consignes communiqu\u00e9es pour la sant\u00e9 de tous.<\/p>\n\n\n\n<p><strong>Stationnement en dehors du site.<\/strong><\/p>\n\n\n\n<p><strong>Entr\u00e9e du magasin par la petite porte de gauche.<\/strong><\/p>\n\n\n\n<p><strong>Sortie par la porte automatique apr\u00e8s la caisse.<\/strong><\/p>\n\n\n\n<p><strong>Accueil simultan\u00e9 de 30 personnes maximum<\/strong><\/p>\n\n\n\n<p><strong>Port du masque obligatoire<\/strong><\/p>\n\n\n\n<p><strong>Lavage des mains \u00e0 l\u2019entr\u00e9e et au passage en caisse<\/strong><\/p>\n\n\n\n<p><strong>Un panier d\u00e9sinfect\u00e9 vous sera remis, n\u2019apportez pas\nde sac ou cabas.<\/strong><\/p>\n\n\n\n<p><strong>Un circuit fl\u00e9ch\u00e9 au sol vous permet de circuler en\nsens unique dans tout le magasin.<\/strong><\/p>\n\n\n\n<p><strong>Merci de ne pas rester plus de 30 minutes dans le\nmagasin.<\/strong><\/p>\n\n\n\n<p><strong>Essayages non autoris\u00e9s.<\/strong><\/p>\n\n\n\n<p><strong>La carte de fid\u00e9lit\u00e9 ne sera pas accept\u00e9e pendant\ncette p\u00e9riode. <\/strong><\/p>\n\n\n\n<p><strong>Privil\u00e9giez les paiements sans contact.<\/strong><\/p>\n\n\n\n<p><strong>Le comptoir, l\u2019\u00e9cran plexiglass, la caisse tactile\nainsi que le terminal de paiement sont syst\u00e9matiquement d\u00e9sinfect\u00e9s.<\/strong><\/p>\n\n\n\n<p><strong>Les salari\u00e9s porteront des masques et\/ou visi\u00e8res et\nle lavage des mains ou la friction hydroalcoolique est syst\u00e9matique<\/strong><\/p>\n","protected":false},"excerpt":{"rendered":"<p>Chers clients, Nous avons le plaisir de vous accueillir \u00e0 nouveau depuis le 13 mai 2020 dans une configuration adapt\u00e9e aux r\u00e8gles de pr\u00e9cautions sanitaires. Merci de bien vouloir respecter imp\u00e9rativement les consignes communiqu\u00e9es pour la sant\u00e9 de tous. Stationnement en dehors du site. Entr\u00e9e du magasin par la petite porte de gauche. Sortie par [&hellip;]<\/p>\n","protected":false},"author":3,"featured_media":0,"comment_status":"open","ping_status":"open","sticky":true,"template":"","format":"standard","meta":[],"categories":[42,15,50],"tags":[],"_links":{"self":[{"href":"https:\/\/atelierdelache.com\/index.php?rest_route=\/wp\/v2\/posts\/444"}],"collection":[{"href":"https:\/\/atelierdelache.com\/index.php?rest_route=\/wp\/v2\/posts"}],"about":[{"href":"https:\/\/atelierdelache.com\/index.php?rest_route=\/wp\/v2\/types\/post"}],"author":[{"embeddable":true,"href":"https:\/\/atelierdelache.com\/index.php?rest_route=\/wp\/v2\/users\/3"}],"replies":[{"embeddable":true,"href":"https:\/\/atelierdelache.com\/index.php?rest_route=%2Fwp%2Fv2%2Fcomments&post=444"}],"version-history":[{"count":2,"href":"https:\/\/atelierdelache.com\/index.php?rest_route=\/wp\/v2\/posts\/444\/revisions"}],"predecessor-version":[{"id":446,"href":"https:\/\/atelierdelache.com\/index.php?rest_route=\/wp\/v2\/posts\/444\/revisions\/446"}],"wp:attachment":[{"href":"https:\/\/atelierdelache.com\/index.php?rest_route=%2Fwp%2Fv2%2Fmedia&parent=444"}],"wp:term":[{"taxonomy":"category","embeddable":true,"href":"https:\/\/atelierdelache.com\/index.php?rest_route=%2Fwp%2Fv2%2Fcategories&post=444"},{"taxonomy":"post_tag","embeddable":true,"href":"https:\/\/atelierdelache.com\/index.php?rest_route=%2Fwp%2Fv2%2Ftags&post=444"}],"curies":[{"name":"wp","href":"https:\/\/api.w.org\/{rel}","templated":true}]}}