{"id":450,"date":"2020-06-30T09:43:40","date_gmt":"2020-06-30T08:43:40","guid":{"rendered":"http:\/\/atelierdelache.com\/?p=450"},"modified":"2020-12-16T11:43:55","modified_gmt":"2020-12-16T10:43:55","slug":"grande-vente-dete-2020","status":"publish","type":"post","link":"https:\/\/atelierdelache.com\/?p=450","title":{"rendered":"GRANDE VENTE D&rsquo;\u00c9T\u00c9 2020"},"content":{"rendered":"\n<p>Comme chaque ann\u00e9e, l&rsquo;Atelier de l&rsquo;Ache s&rsquo;associe \u00e0 Emma\u00fcs 63 sur le site de Puy-Guillaume pour sa grande vente d&rsquo;\u00e9t\u00e9. L&rsquo;\u00e9quipe vous accueille dans sa boutique FRING&rsquo;HALLE ainsi qu&rsquo;au hangar transform\u00e9 en lieu de vente pour l&rsquo;occasion. <a href=\"https:\/\/www.facebook.com\/846582782086298\/videos\/420506328868315\/\" target=\"_blank\" rel=\"noreferrer noopener\" aria-label=\" (s\u2019ouvre dans un nouvel onglet)\">un aper\u00e7u en vid\u00e9o ici !<\/a> et aussi <a href=\"https:\/\/www.facebook.com\/846582782086298\/videos\/3471600616193073\/\" target=\"_blank\" rel=\"noreferrer noopener\" aria-label=\" (s\u2019ouvre dans un nouvel onglet)\">l\u00e0 !<\/a><br>Habillement pour toute la famille et tous les go\u00fbts, linge de maison, d\u00e9co, chaussures, sacs, bijoux, mercerie, jouets&#8230; et plus encore !<\/p>\n\n\n\n<p>Quelques photos pour vous d\u00e9cider ?<a href=\"https:\/\/www.facebook.com\/846582782086298\/photos\/ms.c.eJxFkdkNAzAIQzeqAHOE~;RerCo3z~_4SPOFBYQE3hrQ774A8sj3mlE0A0jnRdAB~_JNkGNxB~;ovaBHyHiUEKxp0jR8PF6P1AEWBFgAghyPYErNW3DoUfuW16NW4gRnY4WSk~_Pxip2zgD0aC~;iWjp9HthLUXET~_gYlOLBczWY~_4HqazKcALkwUg2GJWBCUa1c0Ln8XSb1OL9RA8MBJ~_g6WMxNg0p7qdB85I4g5kM2E1J7SagawYe7aHEPTGQh74XUQzpXPBvYBsCn8OMs83ry~_VJ4ti.bps.a.3132531133491440\/3132531213491432\/?type=3&amp;theater\" target=\"_blank\" rel=\"noreferrer noopener\" aria-label=\" (s\u2019ouvre dans un nouvel onglet)\"> C&rsquo;est ici !<\/a><\/p>\n\n\n\n<p><\/p>\n\n\n\n<p>A NE PAS MANQUER !<\/p>\n\n\n\n<p>Nouveaut\u00e9 cette ann\u00e9e avec de la vente au sac au prix modique de 5 \u20ac<\/p>\n\n\n\n<figure class=\"wp-block-image size-large\"><img loading=\"lazy\" width=\"600\" height=\"821\" src=\"http:\/\/atelierdelache.com\/wp-content\/uploads\/2020\/06\/affiche-grande-vente-\u00e9t\u00e9-2020t.jpg\" alt=\"\" class=\"wp-image-449\" srcset=\"https:\/\/atelierdelache.com\/wp-content\/uploads\/2020\/06\/affiche-grande-vente-\u00e9t\u00e9-2020t.jpg 600w, https:\/\/atelierdelache.com\/wp-content\/uploads\/2020\/06\/affiche-grande-vente-\u00e9t\u00e9-2020t-219x300.jpg 219w\" sizes=\"(max-width: 600px) 100vw, 600px\" \/><\/figure>\n\n\n\n<p>Circulez \u00e0 pied sur l&rsquo;ensemble du site !<br>Une voie de communication a \u00e9t\u00e9 cr\u00e9\u00e9e pour vous faciliter la circulation entre Emma\u00fcs et FRING&rsquo;HALLE et l&rsquo;atelier !  Suivez le fl\u00e9chage &#8230;<br>\u00e0 bient\u00f4t !<\/p>\n","protected":false},"excerpt":{"rendered":"<p>Grande vente d&rsquo;\u00e9t\u00e9 samedi 1er ao\u00fbt 2020<br \/>\n8h30-12h30 et 14h00-18h00. Ouverture de la boutique FRING&rsquo;HALLE et du hangar, vente sur portants tri\u00e9s, en bacs et au sac !<\/p>\n","protected":false},"author":3,"featured_media":449,"comment_status":"open","ping_status":"open","sticky":true,"template":"","format":"standard","meta":[],"categories":[42,15],"tags":[47,44,48,38,46,45,49,35,37],"_links":{"self":[{"href":"https:\/\/atelierdelache.com\/index.php?rest_route=\/wp\/v2\/posts\/450"}],"collection":[{"href":"https:\/\/atelierdelache.com\/index.php?rest_route=\/wp\/v2\/posts"}],"about":[{"href":"https:\/\/atelierdelache.com\/index.php?rest_route=\/wp\/v2\/types\/post"}],"author":[{"embeddable":true,"href":"https:\/\/atelierdelache.com\/index.php?rest_route=\/wp\/v2\/users\/3"}],"replies":[{"embeddable":true,"href":"https:\/\/atelierdelache.com\/index.php?rest_route=%2Fwp%2Fv2%2Fcomments&post=450"}],"version-history":[{"count":5,"href":"https:\/\/atelierdelache.com\/index.php?rest_route=\/wp\/v2\/posts\/450\/revisions"}],"predecessor-version":[{"id":473,"href":"https:\/\/atelierdelache.com\/index.php?rest_route=\/wp\/v2\/posts\/450\/revisions\/473"}],"wp:featuredmedia":[{"embeddable":true,"href":"https:\/\/atelierdelache.com\/index.php?rest_route=\/wp\/v2\/media\/449"}],"wp:attachment":[{"href":"https:\/\/atelierdelache.com\/index.php?rest_route=%2Fwp%2Fv2%2Fmedia&parent=450"}],"wp:term":[{"taxonomy":"category","embeddable":true,"href":"https:\/\/atelierdelache.com\/index.php?rest_route=%2Fwp%2Fv2%2Fcategories&post=450"},{"taxonomy":"post_tag","embeddable":true,"href":"https:\/\/atelierdelache.com\/index.php?rest_route=%2Fwp%2Fv2%2Ftags&post=450"}],"curies":[{"name":"wp","href":"https:\/\/api.w.org\/{rel}","templated":true}]}}