{"id":474,"date":"2020-12-09T16:47:33","date_gmt":"2020-12-09T15:47:33","guid":{"rendered":"https:\/\/atelierdelache.com\/?p=474"},"modified":"2020-12-16T11:43:51","modified_gmt":"2020-12-16T10:43:51","slug":"grande-vente-de-noel-2020","status":"publish","type":"post","link":"https:\/\/atelierdelache.com\/?p=474","title":{"rendered":"GRANDE VENTE DE NOEL 2020"},"content":{"rendered":"\r\n<p>L&rsquo;Atelier de l&rsquo;Ache s&rsquo;associe \u00e0 Emma\u00fcs 63 sur le site de Puy-Guillaume pour sa grande vente de No\u00ebl.<\/p>\r\n<p>L&rsquo;\u00e9quipe vous accueille dans sa boutique FRING&rsquo;HALLE ainsi qu&rsquo;au hangar transform\u00e9 en lieu de vente pour l&rsquo;occasion. <span class=\"d2edcug0 hpfvmrgz qv66sw1b c1et5uql rrkovp55 a8c37x1j keod5gw0 nxhoafnm aigsh9s9 d3f4x2em fe6kdd0r mau55g9w c8b282yb iv3no6db jq4qci2q a3bd9o3v knj5qynh oo9gr5id\" dir=\"auto\">1000 m\u00b2 de surface de vente ou vous trouverez un large choix d&rsquo;habits<\/span> pour toute la famille et tous les go\u00fbts, linge de maison, d\u00e9co, chaussures, sacs, bijoux, mercerie, jouets&#8230; et plus encore !<\/p>\r\n<div class=\"o9v6fnle cxmmr5t8 oygrvhab hcukyx3x c1et5uql\">Nous vous rappelons qu&rsquo;en raison de la crise sanitaire, le port du masque est obligatoire et vous trouverez du gel hydroalcoolique \u00e0 l&rsquo;entr\u00e9e de votre magasin. <span class=\"pq6dq46d tbxw36s4 knj5qynh kvgmc6g5 ditlmg2l oygrvhab nvdbi5me sf5mxxl7 gl3lb2sf hhz5lgdu\"><img loading=\"lazy\" src=\"https:\/\/static.xx.fbcdn.net\/images\/emoji.php\/v9\/t8b\/1.5\/16\/1f637.png\" alt=\"\ud83d\ude37\" width=\"16\" height=\"16\" \/><\/span><\/div>\r\n<div>\u00a0<\/div>\r\n<div class=\"o9v6fnle cxmmr5t8 oygrvhab hcukyx3x c1et5uql\">Nous vous attendons nombreux dans la joie et la bonne humeur <span class=\"pq6dq46d tbxw36s4 knj5qynh kvgmc6g5 ditlmg2l oygrvhab nvdbi5me sf5mxxl7 gl3lb2sf hhz5lgdu\">!<\/span><\/div>\r\n<div>\u00a0<\/div>\r\n<div class=\"o9v6fnle cxmmr5t8 oygrvhab hcukyx3x c1et5uql\">Samedi 19 d\u00e9cembre de 9h30 \u00e0 12h30 et de 14h \u00e0 18h.<\/div>\r\n<div>\u00a0<\/div>\r\n\r\n\r\n\r\n<p>Quelques photos pour vous d\u00e9cider ?<a href=\"https:\/\/www.facebook.com\/846582782086298\/photos\/ms.c.eJxFkdkNAzAIQzeqAHOE~;RerCo3z~_4SPOFBYQE3hrQ774A8sj3mlE0A0jnRdAB~_JNkGNxB~;ovaBHyHiUEKxp0jR8PF6P1AEWBFgAghyPYErNW3DoUfuW16NW4gRnY4WSk~_Pxip2zgD0aC~;iWjp9HthLUXET~_gYlOLBczWY~_4HqazKcALkwUg2GJWBCUa1c0Ln8XSb1OL9RA8MBJ~_g6WMxNg0p7qdB85I4g5kM2E1J7SagawYe7aHEPTGQh74XUQzpXPBvYBsCn8OMs83ry~_VJ4ti.bps.a.3132531133491440\/3132531213491432\/?type=3&amp;theater\" target=\"_blank\" rel=\"noreferrer noopener\" aria-label=\" (s\u2019ouvre dans un nouvel onglet)\"> C&rsquo;est ici ! , <\/a><a href=\"https:\/\/www.facebook.com\/846582782086298\/videos\/420506328868315\/\" target=\"_blank\" rel=\"noreferrer noopener\" aria-label=\" (s\u2019ouvre dans un nouvel onglet)\">un aper\u00e7u en vid\u00e9o ici !<\/a><a href=\"https:\/\/www.facebook.com\/846582782086298\/photos\/ms.c.eJxFkdkNAzAIQzeqAHOE~;RerCo3z~_4SPOFBYQE3hrQ774A8sj3mlE0A0jnRdAB~_JNkGNxB~;ovaBHyHiUEKxp0jR8PF6P1AEWBFgAghyPYErNW3DoUfuW16NW4gRnY4WSk~_Pxip2zgD0aC~;iWjp9HthLUXET~_gYlOLBczWY~_4HqazKcALkwUg2GJWBCUa1c0Ln8XSb1OL9RA8MBJ~_g6WMxNg0p7qdB85I4g5kM2E1J7SagawYe7aHEPTGQh74XUQzpXPBvYBsCn8OMs83ry~_VJ4ti.bps.a.3132531133491440\/3132531213491432\/?type=3&amp;theater\" target=\"_blank\" rel=\"noreferrer noopener\" aria-label=\" (s\u2019ouvre dans un nouvel onglet)\"> et aussi <\/a><a href=\"https:\/\/www.facebook.com\/846582782086298\/videos\/3471600616193073\/\" target=\"_blank\" rel=\"noreferrer noopener\" aria-label=\" (s\u2019ouvre dans un nouvel onglet)\">l\u00e0 !<\/a><\/p>\r\n\r\n\r\n\r\n\r\n\r\n<p>&nbsp;<\/p>\r\n\r\n\r\n\r\n\r\n\r\n<figure class=\"wp-block-image size-large\"><a href=\"https:\/\/atelierdelache.com\/wp-content\/uploads\/2020\/12\/vente-de-noel.png\"><img loading=\"lazy\" class=\"wp-image-475  alignleft\" src=\"https:\/\/atelierdelache.com\/wp-content\/uploads\/2020\/12\/vente-de-noel-212x300.png\" alt=\"\" width=\"232\" height=\"328\" srcset=\"https:\/\/atelierdelache.com\/wp-content\/uploads\/2020\/12\/vente-de-noel-212x300.png 212w, https:\/\/atelierdelache.com\/wp-content\/uploads\/2020\/12\/vente-de-noel-724x1024.png 724w, https:\/\/atelierdelache.com\/wp-content\/uploads\/2020\/12\/vente-de-noel-768x1087.png 768w, https:\/\/atelierdelache.com\/wp-content\/uploads\/2020\/12\/vente-de-noel-1086x1536.png 1086w, https:\/\/atelierdelache.com\/wp-content\/uploads\/2020\/12\/vente-de-noel-1447x2048.png 1447w, https:\/\/atelierdelache.com\/wp-content\/uploads\/2020\/12\/vente-de-noel.png 1752w\" sizes=\"(max-width: 232px) 100vw, 232px\" \/><\/a><\/figure>\r\n\r\n\r\n","protected":false},"excerpt":{"rendered":"<p>Grande vente d&rsquo;\u00e9t\u00e9 samedi 1er ao\u00fbt 2020<br \/>\n8h30-12h30 et 14h00-18h00. Ouverture de la boutique FRING&rsquo;HALLE et du hangar, vente sur portants tri\u00e9s, en bacs et au sac !<\/p>\n","protected":false},"author":3,"featured_media":475,"comment_status":"open","ping_status":"open","sticky":true,"template":"","format":"standard","meta":[],"categories":[42,15],"tags":[18,39,47,32,44,36,19,22,48,30,38,26,33,46,45,28,29,49,23,35,37],"_links":{"self":[{"href":"https:\/\/atelierdelache.com\/index.php?rest_route=\/wp\/v2\/posts\/474"}],"collection":[{"href":"https:\/\/atelierdelache.com\/index.php?rest_route=\/wp\/v2\/posts"}],"about":[{"href":"https:\/\/atelierdelache.com\/index.php?rest_route=\/wp\/v2\/types\/post"}],"author":[{"embeddable":true,"href":"https:\/\/atelierdelache.com\/index.php?rest_route=\/wp\/v2\/users\/3"}],"replies":[{"embeddable":true,"href":"https:\/\/atelierdelache.com\/index.php?rest_route=%2Fwp%2Fv2%2Fcomments&post=474"}],"version-history":[{"count":3,"href":"https:\/\/atelierdelache.com\/index.php?rest_route=\/wp\/v2\/posts\/474\/revisions"}],"predecessor-version":[{"id":478,"href":"https:\/\/atelierdelache.com\/index.php?rest_route=\/wp\/v2\/posts\/474\/revisions\/478"}],"wp:featuredmedia":[{"embeddable":true,"href":"https:\/\/atelierdelache.com\/index.php?rest_route=\/wp\/v2\/media\/475"}],"wp:attachment":[{"href":"https:\/\/atelierdelache.com\/index.php?rest_route=%2Fwp%2Fv2%2Fmedia&parent=474"}],"wp:term":[{"taxonomy":"category","embeddable":true,"href":"https:\/\/atelierdelache.com\/index.php?rest_route=%2Fwp%2Fv2%2Fcategories&post=474"},{"taxonomy":"post_tag","embeddable":true,"href":"https:\/\/atelierdelache.com\/index.php?rest_route=%2Fwp%2Fv2%2Ftags&post=474"}],"curies":[{"name":"wp","href":"https:\/\/api.w.org\/{rel}","templated":true}]}}