{"id":67,"date":"2015-06-12T14:45:34","date_gmt":"2015-06-12T13:45:34","guid":{"rendered":"\/?p=67"},"modified":"2020-12-16T11:51:08","modified_gmt":"2020-12-16T10:51:08","slug":"latelier-dinsertion","status":"publish","type":"post","link":"https:\/\/atelierdelache.com\/?p=67","title":{"rendered":"L&rsquo;atelier d&rsquo;insertion"},"content":{"rendered":"<p>Ce projet a rejoint les r\u00e9flexions approfondies conduites par la Communaut\u00e9 Emma\u00fcs (fort impliqu\u00e9e dans le cadre de l\u2019\u00c9conomie Sociale et Solidaire) afin d\u2019exploiter au mieux une ressource jusqu\u2018ici sous valoris\u00e9e.<\/p>\n<p>Ainsi, l\u2019Atelier de l\u2019Ache, atelier d\u2019insertion, a d\u00e9marr\u00e9 son activit\u00e9 le 15 avril 2013. Il r\u00e9pond, comme la Communaut\u00e9, \u00e0 un triple objectif :<\/p>\n<ul>\n<li><strong>Environnemental<\/strong> par la r\u00e9cup\u00e9ration (dans le cadre du plan d\u00e9partemental d&rsquo;\u00e9limination des d\u00e9chets)<\/li>\n<li><strong>\u00c9conomique<\/strong> par le tri et la vente<\/li>\n<li><strong>Social<\/strong> par l\u2019emploi en contrat aid\u00e9 de dix personnes \u00e0 raison de 26 H par semaine.<\/li>\n<\/ul>\n<p><strong>A savoir :<\/strong><\/p>\n<p><strong><strong>Les Ateliers et Chantiers d\u2019Insertion (ACI)<\/strong> sont des dispositifs relevant de l\u2019Insertion par l\u2019Activit\u00e9 \u00c9conomique conventionn\u00e9s par l\u2019\u00c9tat. Ils ont pour objet l\u2019embauche de personnes sans emploi rencontrant des difficult\u00e9s sociales et professionnelles particuli\u00e8res. Les personnes ainsi embauch\u00e9es sont titulaires d\u2019un v\u00e9ritable contrat de travail (CDD d&rsquo;insertion). L\u2019ACI b\u00e9n\u00e9ficie, pour sa part, de diff\u00e9rentes aides, dont une aide sp\u00e9cifique \u00e0 l\u2019accompagnement pour le retour \u00e0 l&#8217;emploi.<br \/>\n<\/strong><\/p>\n","protected":false},"excerpt":{"rendered":"<p>Ce projet a rejoint les r\u00e9flexions approfondies conduites par la Communaut\u00e9 Emma\u00fcs (fort impliqu\u00e9e dans le cadre de l\u2019\u00c9conomie Sociale et Solidaire) afin d\u2019exploiter au mieux une ressource jusqu\u2018ici sous valoris\u00e9e. Ainsi, l\u2019Atelier de l\u2019Ache, atelier d\u2019insertion, a d\u00e9marr\u00e9 son activit\u00e9 le 15 avril 2013. Il r\u00e9pond, comme la Communaut\u00e9, \u00e0 un triple objectif : [&hellip;]<\/p>\n","protected":false},"author":3,"featured_media":0,"comment_status":"open","ping_status":"open","sticky":false,"template":"","format":"standard","meta":[],"categories":[6],"tags":[25,18,39,32,20,36,19,22,27,30,31,38,26,33,24,28,29,34,23,21,41,40,35,37],"_links":{"self":[{"href":"https:\/\/atelierdelache.com\/index.php?rest_route=\/wp\/v2\/posts\/67"}],"collection":[{"href":"https:\/\/atelierdelache.com\/index.php?rest_route=\/wp\/v2\/posts"}],"about":[{"href":"https:\/\/atelierdelache.com\/index.php?rest_route=\/wp\/v2\/types\/post"}],"author":[{"embeddable":true,"href":"https:\/\/atelierdelache.com\/index.php?rest_route=\/wp\/v2\/users\/3"}],"replies":[{"embeddable":true,"href":"https:\/\/atelierdelache.com\/index.php?rest_route=%2Fwp%2Fv2%2Fcomments&post=67"}],"version-history":[{"count":3,"href":"https:\/\/atelierdelache.com\/index.php?rest_route=\/wp\/v2\/posts\/67\/revisions"}],"predecessor-version":[{"id":214,"href":"https:\/\/atelierdelache.com\/index.php?rest_route=\/wp\/v2\/posts\/67\/revisions\/214"}],"wp:attachment":[{"href":"https:\/\/atelierdelache.com\/index.php?rest_route=%2Fwp%2Fv2%2Fmedia&parent=67"}],"wp:term":[{"taxonomy":"category","embeddable":true,"href":"https:\/\/atelierdelache.com\/index.php?rest_route=%2Fwp%2Fv2%2Fcategories&post=67"},{"taxonomy":"post_tag","embeddable":true,"href":"https:\/\/atelierdelache.com\/index.php?rest_route=%2Fwp%2Fv2%2Ftags&post=67"}],"curies":[{"name":"wp","href":"https:\/\/api.w.org\/{rel}","templated":true}]}}